 {"id":280,"date":"2021-11-15T08:21:22","date_gmt":"2021-11-15T08:21:22","guid":{"rendered":"https:\/\/sola.kau.se\/cslblog\/?p=280"},"modified":"2021-12-15T10:28:46","modified_gmt":"2021-12-15T10:28:46","slug":"vart-ar-vi-pa-vag","status":"publish","type":"post","link":"https:\/\/sola.kau.se\/cslblog\/2021\/11\/15\/vart-ar-vi-pa-vag\/","title":{"rendered":"Vart \u00e4r vi p\u00e5 v\u00e4g?"},"content":{"rendered":"\n<p>Christina Olin-Scheller, professor i pedagogiskt arbete med inriktning mot literacy<\/p>\n\n\n\n<p>Det g\u00e5r inte att undg\u00e5 att debatten om litteratur och l\u00e4sning har en underton av att det var b\u00e4ttre f\u00f6rr. D\u00e5 l\u00e4ste unga minsann mycket mer och mycket b\u00e4ttre, och i litteraturundervisningen kunde man diskutera klassiska texter med intresserade elever utan att distraheras av digitala verktyg. Fr\u00e5n l\u00e4rarh\u00e5ll och inom det svensk\u00e4mnesdidaktiska f\u00e4ltet finns idag ocks\u00e5 ett ifr\u00e5gas\u00e4ttande kring ett alltf\u00f6r stort fokus p\u00e5 fakta och sakprosa i styrdokument och nationella prov. Dessa larmrapporter v\u00e4cker en oro f\u00f6r vart vi \u00e4r p\u00e5 v\u00e4g. Men uppfattningen att det var b\u00e4ttre f\u00f6rr har faktiskt ingen b\u00e4ring i den forskning som finns. Det kan f\u00f6rst\u00e5s bero p\u00e5 att det inte finns s\u00e4rskilt m\u00e5nga studier om iscensatt litteraturundervisning fr\u00e5n \u201df\u00f6rr\u201d. De flesta belyser styrdokument, l\u00e4roplaner, l\u00e4romedel och politiska reformer och det som h\u00e4nde i klassrummet har ibland ben\u00e4mnts som \u201dThe Black Box of Schooling\u201d (<a rel=\"noreferrer noopener\" href=\"https:\/\/www.peterlang.com\/document\/1044086\" data-type=\"URL\" data-id=\"https:\/\/www.peterlang.com\/document\/1044086\" target=\"_blank\">Braster et al., 2011<\/a>). Men h\u00e4rom\u00e5ret publicerades en studie som analyserat l\u00e4sundervisningen p\u00e5 mellanstadiet utifr\u00e5n ett (unikt) filmmaterial fr\u00e5n 1960-talets klassrum<a href=\"https:\/\/www.tandfonline.com\/doi\/full\/10.1080\/0046760X.2016.1166268\" data-type=\"URL\" data-id=\"https:\/\/www.tandfonline.com\/doi\/full\/10.1080\/0046760X.2016.1166268\" target=\"_blank\" rel=\"noreferrer noopener\"> (Dolatkhah, &amp; Lundh, 2016)<\/a>. Denna studie visar en undervisning som idag skulle beskrivas som tr\u00e5kig och enahanda och d\u00e4r faktaorienterande informationsl\u00e4sning gavs stort utrymme. Exemplen p\u00e5 f\u00f6rdjupad l\u00e4sning av sk\u00f6nlitteratur i \u00e4mnet svenska var f\u00e5.<\/p>\n\n\n\n<p>Nya studier som \u00f6ppnar l\u00e4sundervisningens \u201dsvarta l\u00e5da\u201d fr\u00e5n tiden f\u00f6r de stora skolreformernas tid p\u00e5 1940-50-talet, finns ocks\u00e5 (<a href=\"https:\/\/www.tandfonline.com\/doi\/full\/10.1080\/00220272.2021.1881166\" data-type=\"URL\" data-id=\"https:\/\/www.tandfonline.com\/doi\/full\/10.1080\/00220272.2021.1881166\" target=\"_blank\" rel=\"noreferrer noopener\">Samuelsson, et al, 2021<\/a>; Olofsson, et al., inskickad). I dessa har l\u00e4rares skrivna ber\u00e4ttelser om sin undervisning omkring 1940 analyserats \u2013 ocks\u00e5 detta ett unikt och tidigare obeforskat material. Den bild som tr\u00e4der fram av l\u00e4sundervisningen, s\u00e5v\u00e4l i folkskolan som p\u00e5 l\u00e4roverken, \u00e4r l\u00e5ngt ifr\u00e5n enhetlig och den undervisning som bedrevs varierade stort mellan olika skolor och l\u00e4rare. Det g\u00e5r ocks\u00e5 tydligt att urskilja den skiljelinje som fortfarande finns mellan att antingen se litteraturundervisning i en klassisk bildningstradition eller som en \u00f6vning av elevens spr\u00e5kliga f\u00e4rdigheter. Spridningen i uppfattningar om elevers l\u00e4sning och litteraturundervisningen var lika spretig d\u00e5 som nu. Oenigheten var <em>\u2013<\/em> och tycks fortfarande vara <em>\u2013<\/em> kring litteraturundervisningens didaktiska fr\u00e5gor <em>vad<\/em> som ska l\u00e4sas, <em>hur<\/em> ska detta g\u00f6ras och <em>\u2013 <\/em>inte minst<em> \u2013<\/em> <em>varf\u00f6r.<\/em> Lite f\u00f6renklat och tillspetsas kan svaren f\u00f6rdelas mellan poolerna d\u00e4r syftet med litteraturundervisningen \u00e4r antingen <em>bildning<\/em> eller <em>spr\u00e5klig f\u00e4rdighet<\/em>.<\/p>\n\n\n\n<p>Nu, liksom d\u00e5, g\u00e5r det att se en polarisering mellan att \u00e5 ena sidan f\u00f6renkla och anpassa de texter som anv\u00e4nds i undervisningen (exempelvis att som idag anv\u00e4nda l\u00e4ttl\u00e4st sk\u00f6nlitteratur) och \u00e5 andra sidan l\u00e5ta texterna vara utmanande f\u00f6r eleverna och anpassa undervisningen ist\u00e4llet. Den senare uppfattningen har under h\u00f6sten f\u00e5tt uppm\u00e4rksamhet i debattartiklar i v\u00e5ra stora dagstidningar d\u00e4r exempelvis Anna-Lena Lauren i <em>DN<\/em> (<a href=\"https:\/\/www.dn.se\/kultur\/anna-lena-lauren-att-lasa-bocker-man-inte-forstar-ar-det-viktigaste-en-manniska-kan-gora\/\" data-type=\"URL\" data-id=\"https:\/\/www.dn.se\/kultur\/anna-lena-lauren-att-lasa-bocker-man-inte-forstar-ar-det-viktigaste-en-manniska-kan-gora\/\" target=\"_blank\" rel=\"noreferrer noopener\">Laur\u00e9n, 2021) <\/a>skriver att<\/p>\n\n\n\n<blockquote class=\"wp-block-quote is-layout-flow wp-block-quote-is-layout-flow\"><p>Tanken att v\u00e5ra barn ska g\u00e5 igenom livet utan att n\u00e5gonsin l\u00e4sa n\u00e5got annat \u00e4n b\u00f6cker som har direkta ber\u00f6ringspunkter med deras egna intressen, som de genast begriper och som inte utmanar dem g\u00f6r mig f\u00f6rtvivlad. Men bokbranschen verkar ha kapitulerat, liksom m\u00e5nga andra.<\/p><\/blockquote>\n\n\n\n<p>I likhet med Laur\u00e9n har ocks\u00e5 l\u00e4sforskningen pekat p\u00e5 betydelsen av att utmana eleverna med textval och uppgifter. Detta inst\u00e4mmer jag i. Det kanske inte g\u00f6r n\u00e5got om eleverna inte f\u00f6rst\u00e5r allt? Det g\u00f6r ju inte heller vuxna l\u00e4sare. L\u00e4sningen kan ge nya insikter \u00e4nd\u00e5 och sk\u00f6nlitteraturen \u2013 som alla estetiska uttryck \u2013 kan bidra till att rubba invanda f\u00f6rest\u00e4llningar och uppfattningar. L\u00e4sning och litteraturundervisning \u00e4r ett komplext f\u00e4lt fyllt av sp\u00e4nningar. S\u00e5 var det f\u00f6rr och s\u00e5 \u00e4r det nu. Med den stora skillnaden att litteraturdidaktiken aldrig har varit starkare. M\u00f6tesplatser mellan forskare och verksamma l\u00e4rare \u00e4r ocks\u00e5 fler \u00e4n n\u00e5gonsin. Det g\u00f6r att v\u00e4gen fram\u00f6ver trots allt ser hoppfull ut.<\/p>\n\n\n\n<p><\/p>\n\n\n\n<p>Christina Olin-Scheller, November 2021<\/p>\n\n\n\n<p><strong>Referenser<\/strong><\/p>\n\n\n\n<p><a href=\"https:\/\/www.peterlang.com\/document\/1044086\" data-type=\"URL\" data-id=\"https:\/\/www.peterlang.com\/document\/1044086\" target=\"_blank\" rel=\"noreferrer noopener\">Braster, S., Grosvenor, I., &amp; Del Mar del Pozo Andr\u00e9s, M. (Eds.). (2011). <em>The Black Box of Schooling. <\/em>Wien: Peter Lang.<\/a><\/p>\n\n\n\n<p>Dolatkhah, M. &amp; Lundh, A.H. (2016). <a href=\"https:\/\/www.tandfonline.com\/doi\/full\/10.1080\/0046760X.2016.1166268\" data-type=\"URL\" data-id=\"https:\/\/www.tandfonline.com\/doi\/full\/10.1080\/0046760X.2016.1166268\" target=\"_blank\" rel=\"noreferrer noopener\">Information and experience: Audiovisual observations of reading activities in Swedish comprehensive school classrooms 1967\u20131969<\/a>. <em>History of Education<\/em>, 45(6), s. 831\u2013850.<\/p>\n\n\n\n<p>Laur\u00e9n, A-L. (2021). <em>Dagens Nyheter<\/em>. Att l\u00e4sa b\u00f6cker man inte f\u00f6rst\u00e5r \u00e4r det viktigaste en m\u00e4nniska kan g\u00f6ra. 2021-09-12.<a href=\"https:\/\/www.dn.se\/kultur\/anna-lena-lauren-att-lasa-bocker-man-inte-forstar-ar-det-viktigaste-en-manniska-kan-gora\/\" target=\"_blank\" rel=\"noreferrer noopener\"> https:\/\/www.dn.se\/kultur\/anna-lena-lauren-att-lasa-bocker-man-inte-forstar-ar-det-viktigaste-en-manniska-kan-gora\/<\/a><\/p>\n\n\n\n<p>Olofsson, H., Olin-Scheller, C., Melin, \u00c5. &amp; Samuelsson, J. (inskickad). L\u00e4s- och litteraturundervisning som demokratiseringsmark\u00f6rer bland 1940-talets folkskolel\u00e4rare<\/p>\n\n\n\n<p>Samuelsson, J., Gericke, N., Olin-Scheller, C. &amp; Melin, \u00c5.(2021). <a href=\"https:\/\/www.tandfonline.com\/doi\/full\/10.1080\/00220272.2021.1881166\" data-type=\"URL\" data-id=\"https:\/\/www.tandfonline.com\/doi\/full\/10.1080\/00220272.2021.1881166\" target=\"_blank\" rel=\"noreferrer noopener\">Practice before policy? Unpacking the black box of progressive teaching in Swedish secondary schools. <em>Journal of Curriculum Studies<\/em>. DOI: 10.1080\/00220272.2021.1881166<\/a><\/p>\n\n\n\n<p><\/p>\n","protected":false},"excerpt":{"rendered":"<p>Christina Olin-Scheller, professor i pedagogiskt arbete med inriktning mot literacy Det g\u00e5r inte att undg\u00e5 att debatten om litteratur och l\u00e4sning har en underton av att det var b\u00e4ttre f\u00f6rr. D\u00e5 l\u00e4ste unga minsann mycket mer och mycket b\u00e4ttre, och i litteraturundervisningen kunde man diskutera klassiska texter med intresserade elever utan att distraheras av digitala &hellip; <\/p>\n<p class=\"link-more\"><a href=\"https:\/\/sola.kau.se\/cslblog\/2021\/11\/15\/vart-ar-vi-pa-vag\/\" class=\"more-link\">Forts\u00e4tt l\u00e4sa<span class=\"screen-reader-text\"> \u201dVart \u00e4r vi p\u00e5 v\u00e4g?\u201d<\/span><\/a><\/p>\n","protected":false},"author":1433,"featured_media":0,"comment_status":"closed","ping_status":"open","sticky":false,"template":"","format":"standard","meta":{"footnotes":""},"categories":[13],"tags":[],"class_list":["post-280","post","type-post","status-publish","format-standard","hentry","category-litteraturvetenskap"],"_links":{"self":[{"href":"https:\/\/sola.kau.se\/cslblog\/wp-json\/wp\/v2\/posts\/280","targetHints":{"allow":["GET"]}}],"collection":[{"href":"https:\/\/sola.kau.se\/cslblog\/wp-json\/wp\/v2\/posts"}],"about":[{"href":"https:\/\/sola.kau.se\/cslblog\/wp-json\/wp\/v2\/types\/post"}],"author":[{"embeddable":true,"href":"https:\/\/sola.kau.se\/cslblog\/wp-json\/wp\/v2\/users\/1433"}],"replies":[{"embeddable":true,"href":"https:\/\/sola.kau.se\/cslblog\/wp-json\/wp\/v2\/comments?post=280"}],"version-history":[{"count":10,"href":"https:\/\/sola.kau.se\/cslblog\/wp-json\/wp\/v2\/posts\/280\/revisions"}],"predecessor-version":[{"id":333,"href":"https:\/\/sola.kau.se\/cslblog\/wp-json\/wp\/v2\/posts\/280\/revisions\/333"}],"wp:attachment":[{"href":"https:\/\/sola.kau.se\/cslblog\/wp-json\/wp\/v2\/media?parent=280"}],"wp:term":[{"taxonomy":"category","embeddable":true,"href":"https:\/\/sola.kau.se\/cslblog\/wp-json\/wp\/v2\/categories?post=280"},{"taxonomy":"post_tag","embeddable":true,"href":"https:\/\/sola.kau.se\/cslblog\/wp-json\/wp\/v2\/tags?post=280"}],"curies":[{"name":"wp","href":"https:\/\/api.w.org\/{rel}","templated":true}]}}