 {"id":980,"date":"2025-11-28T15:27:31","date_gmt":"2025-11-28T15:27:31","guid":{"rendered":"https:\/\/sola.kau.se\/cslblog\/?p=980"},"modified":"2025-11-28T15:27:31","modified_gmt":"2025-11-28T15:27:31","slug":"mobilforbud-pa-modet-men-hur-utspelar-det-sig-faktiskt-i-klassrummet","status":"publish","type":"post","link":"https:\/\/sola.kau.se\/cslblog\/2025\/11\/28\/mobilforbud-pa-modet-men-hur-utspelar-det-sig-faktiskt-i-klassrummet\/","title":{"rendered":"Mobilf\u00f6rbud p\u00e5 modet \u2013 men hur utspelar det sig faktiskt i klassrummet?"},"content":{"rendered":"\n<p>Peter Wikstr\u00f6m, docent i engelska, spr\u00e5kvetenskaplig inriktning, Karlstads universitet<\/p>\n\n\n\n<p>N\u00e4r forskningsprojektet&nbsp;<em>Uppkopplade klassrum<\/em>&nbsp;p\u00e5b\u00f6rjades f\u00f6r snart ett decennium sedan var fr\u00e5gan om elevers bruk av mobiltelefoner i skolan h\u00f6gaktuell och laddad. Debatten om \u201cmobilf\u00f6rbud\u201d blossade upp med j\u00e4mna mellanrum, ofta med alarmistiska rubriker och skarpa krav p\u00e5 h\u00e5rdare styrning. Samtidigt var skolans digitalisering i full fart, och elevernas vardagsliv redan djupt f\u00f6rankrat i st\u00e4ndig uppkoppling. Vi ville f\u00f6rst\u00e5 hur dessa krafter faktiskt m\u00f6ttes&nbsp;<strong>i klassrummet<\/strong>&nbsp;\u2013 i den vardag d\u00e4r elever, l\u00e4rare och rektorer p\u00e5 olika s\u00e4tt f\u00f6rhandlar fram vad som \u00e4r okej eller inte. Den d\u00e4r f\u00f6rhandlingen kan handla om policyer och regler, men i stor, och ofta underskattad, utstr\u00e4ckning, handlar det ocks\u00e5 om sociala och interaktionella praktiker: Hur l\u00e4rare och elever pratar, interagerar och beter sig i f\u00f6rh\u00e5llande till mobiltelefonerna i faktiska l\u00e4randesituationer.<\/p>\n\n\n\n<p>Projektet handlade om digitala och uppkopplade teknologiers plats i gymnasieskolan, och byggde p\u00e5 omfattande klassrumsobservationer och sk\u00e4rminspelningar p\u00e5 elevernas mobiler, s\u00e5v\u00e4l som intervjuer med rektorer, l\u00e4rare och elever. Det gav oss en unik inblick i b\u00e5de resonemang och faktiska beteenden \u2013 hur mobilen anv\u00e4ndes, n\u00e4r den st\u00f6rde, n\u00e4r den inte gjorde det, och hur alla parter tolkade och v\u00e4rderade situationen och debatten.&nbsp;<\/p>\n\n\n\n<p>I detta inl\u00e4gg utg\u00e5r jag framf\u00f6r allt ifr\u00e5n en delstudie baserad p\u00e5 intervjumaterialet, som jag sj\u00e4lv var involverad i som postdoktoral forskare, med n\u00e5gra reflektioner om hur den studien fortsatt \u00e4r aktuell, men ocks\u00e5 om vad som har eller h\u00e5ller p\u00e5 att f\u00f6r\u00e4ndras. Fr\u00e5gan om mobilf\u00f6rbud har \u00e5terigen hamnat i centrum, men p\u00e5 ett nytt s\u00e4tt. Politiska beslut har f\u00f6r\u00e4ndrat landskapet, tekniken har utvecklats snabbt och elevers digitala vanor har tagit nya former.<\/p>\n\n\n\n<p><strong>En verklighet mer nyanserad \u00e4n debatten<\/strong><\/p>\n\n\n\n<p>I studien j\u00e4mf\u00f6rde vi tre olika perspektiv, n\u00e4mligen rektorernas, l\u00e4rarnas och elevernas. M\u00e5nga rektorer uttryckte viss frustration \u00f6ver mediebilden av \u201cmobilhotet\u201d. De upplevde att debatten var \u00f6verdriven, ibland rent moralpanikartad, och att den inte st\u00e4mde \u00f6verens med deras egna erfarenheter i skolvardagen. Samtidigt var de pressade fr\u00e5n flera h\u00e5ll \u2013 fr\u00e5n politiska styrdokument som driver digitalisering, fr\u00e5n f\u00f6r\u00e4ldrar som efterfr\u00e5gar ordning och studiero, och fr\u00e5n l\u00e4rare som efterlyser tydliga riktlinjer.<\/p>\n\n\n\n<p>Rektorerna var genomg\u00e5ende&nbsp;<strong>digitaliseringsv\u00e4nliga<\/strong>, och ville peka p\u00e5 m\u00f6jligheter snarare \u00e4n driva en f\u00f6rbudslinje. L\u00e4rarna hade en n\u00e5got mer kritisk ton, men inte i form av kategoriska avst\u00e5ndstaganden. De pratade framf\u00f6r allt om&nbsp;<strong>den sociala ordningen i klassrummet<\/strong>: att elever skulle vara n\u00e4rvarande, lyssna och delta, och att det skulle finnas en \u00f6msesidig respekt i klassrummet. Hos l\u00e4rarna framstod inte mobilen som ett hot mot kunskap och l\u00e4rande, men m\u00f6jligen mot&nbsp;<strong>klassrummets gemenskap<\/strong>.<\/p>\n\n\n\n<p>Att elever ibland f\u00f6rsvann in i Snapchat beskrevs som st\u00f6rande, men ocks\u00e5 som ett hanterbart inslag. L\u00e5gintensiva interaktionella insatser, som en blick, en hand p\u00e5 elevens bord, en kort kommentar, ans\u00e5gs i allm\u00e4nhet vara fullt tillr\u00e4ckligt. Det fanns ocks\u00e5 en bild av att mobilen kan vara mer eller mindre st\u00f6rande beroende p\u00e5 lektionsmoment: vid f\u00f6rel\u00e4sningar var mobilen ol\u00e4mplig, vid sj\u00e4lvst\u00e4ndigt arbete mindre problematisk och kanske till och med v\u00e4lbeh\u00f6vlig f\u00f6r mikropauser.<\/p>\n\n\n\n<p>Eleverna hade den mest varierade, men ocks\u00e5 mest eftert\u00e4nksamma synen. De pratade mycket om balans, h\u00e4nsyn och eget ansvar. De flesta ville inte ha f\u00f6rbud, men var samtidigt fullst\u00e4ndigt medvetna om att mobilen kunde st\u00f6ra dem och att de sj\u00e4lva kunde ha sv\u00e5rt att h\u00e5lla emot.<\/p>\n\n\n\n<p>De beskrev strategier f\u00f6r att vara diskreta: s\u00e4nka sk\u00e4rmen, titta snabbt, l\u00e4gga undan n\u00e4r l\u00e4raren kom n\u00e4ra. De ville visa respekt, men ocks\u00e5 h\u00e5lla koll p\u00e5 sin digitala sociala v\u00e4rld. F\u00f6r vissa elever \u2013 s\u00e4rskilt de med familj p\u00e5 distans, eller de som st\u00f6ttade v\u00e4nner som var sjuka eller hade det sv\u00e5rt \u2013 var den d\u00e4r titten p\u00e5 mobilen ocks\u00e5 n\u00e5got som upplevdes som ett socialt ansvar.<\/p>\n\n\n\n<p>I v\u00e5ra videodata s\u00e5g vi att mobilen s\u00e4llan skapade st\u00f6rre st\u00f6rningar \u00e4n andra vardagsinslag. Elever anv\u00e4nde den kort, ofta i mellanrum eller n\u00e4r l\u00e4rarens uppm\u00e4rksamhet inte riktades mot dem. I ett f\u00e5tal fall sabbade d\u00e5lig timing (t.ex. att uppr\u00e4tth\u00e5lla ett stort antal Snapchat-streaks precis n\u00e4r en ny instruktion gavs), men det dominerade inte.<\/p>\n\n\n\n<p><strong>Vad som h\u00e4nt sedan dess: mobilfr\u00e5gan har blivit politik<\/strong><\/p>\n\n\n\n<p>N\u00e4r vi publicerade artikeln fanns inga nationella direktiv om mobilf\u00f6rbud. Det g\u00f6r det nu.<\/p>\n\n\n\n<p>Sedan 2023 har regeringen genomf\u00f6rt f\u00f6r\u00e4ndringar som ger skolor mandat \u2013 och ibland krav \u2013 att inf\u00f6ra mobilfria lektioner. M\u00e5nga kommuner har g\u00e5tt l\u00e4ngre, och inf\u00f6rt totalf\u00f6rbud \u00e4ven p\u00e5 raster. Skolinspektionen har betonat att mobilregler \u00e4r en del av ansvaret f\u00f6r studiero.<\/p>\n\n\n\n<p>Det politiska skiftet har allts\u00e5 g\u00e5tt fr\u00e5n lokal f\u00f6rhandling till&nbsp;<strong>nationell styrning<\/strong>. Samtidigt vet vi fortfarande lite om&nbsp;<em>hur<\/em>dessa nya regler fungerar i praktiken, och hur de upplevs av elever och l\u00e4rare. Internationellt har flera nya studier publicerats, och bilden \u00e4r fortfarande splittrad: vissa skolor f\u00e5r b\u00e4ttre studiero efter f\u00f6rbud, andra ser ingen skillnad alls; i vissa fall \u00f6kar elevernas stress n\u00e4r mobilen tas ifr\u00e5n dem; effekterna verkar bero p\u00e5 \u00e5lder, skolmilj\u00f6, undervisningsform och l\u00e4rarkultur.<\/p>\n\n\n\n<p>En tydlig trend i forskningen \u00e4r att fr\u00e5gan har blivit&nbsp;<strong>mer komplex<\/strong>, och att mobilens roll inte kan isoleras fr\u00e5n hela den digitala ekologi och hybrida socialitet, med s\u00f6ml\u00f6sa \u00f6verg\u00e5ngar fram och tillbaka mellan det fysiska och det digitala, som numera pr\u00e4glar skolan.&nbsp;<\/p>\n\n\n\n<p><strong>Avslutande tankar<\/strong><\/p>\n\n\n\n<p>N\u00e4r vi samlade v\u00e5rt material var Snapchat och andra sociala medier de centrala digitala distraktionerna. Idag, efter ChatGPT:s och andra AI-verktygs genombrott, har digitaliteten i skolan f\u00f6r\u00e4ndrats i grunden.<\/p>\n\n\n\n<p>Elever anv\u00e4nder nu AI f\u00f6r \u00f6vers\u00e4ttning, id\u00e9produktion och skrivst\u00f6d, olika appar f\u00f6r planering, fokus och v\u00e4lm\u00e5ende, och givetvis \u00e4ven sociala medie-plattformar som TikTok med betydligt aggressivare uppm\u00e4rksamhetsdragande design<\/p>\n\n\n\n<p>Mobilen \u00e4r fortfarande navet f\u00f6r mycket av detta, men den \u00e4r inte l\u00e4ngre&nbsp;<em>ensam<\/em>&nbsp;i centrum. Det g\u00f6r ocks\u00e5 att forskningen s\u00e5v\u00e4l som debatten m\u00e5ste ha ett bredare grepp \u00e4n bara \u201cmobilen i klassrummet\u201d.<\/p>\n\n\n\n<p>V\u00e5r studie visade att elever kan vara mycket mer ansvarstagande och situationsk\u00e4nsliga \u00e4n debatten antyder. Men de digitala plattformarna och apparna kr\u00e4ver samtidigt v\u00e4ldigt mycket av individen. N\u00e4r vi f\u00f6ljde eleverna i deras klassrum s\u00e5g vi en vardag som var l\u00e5ngt mindre dramatisk \u00e4n debatten gjort g\u00e4llande. Vi s\u00e5g unga m\u00e4nniskor som f\u00f6rs\u00f6kte balansera skolans krav med sina sociala relationer, med respekt f\u00f6r l\u00e4raren och med en h\u00f6gre grad av sj\u00e4lvinsikt \u00e4n de ofta f\u00e5r erk\u00e4nnande f\u00f6r.<\/p>\n\n\n\n<p>Sedan dess har mycket f\u00f6r\u00e4ndrats \u2013 politiskt, tekniskt och socialt. Men n\u00e5got har inte f\u00f6r\u00e4ndrats: att verkligheten i klassrummet \u00e4r mer m\u00e5ngfacetterad \u00e4n slagorden. F\u00f6rhoppningsvis kan framtida forskning p\u00e5 omr\u00e5det forts\u00e4tta i andan att vara lyh\u00f6rd, empiriskt grundad och utf\u00f6rd med tilltro till elevernas f\u00f6rm\u00e5ga att vara medskapare av sin skolmilj\u00f6.<\/p>\n\n\n\n<p><strong>Referenser<\/strong><\/p>\n\n\n\n<p>Peter Wikstr\u00f6m, Susanne Duek, Marie Nilsberth &amp; Christina Olin-Scheller (2024) <a href=\"https:\/\/www.tandfonline.com\/doi\/full\/10.1080\/17439884.2022.2124268\" data-type=\"link\" data-id=\"https:\/\/www.tandfonline.com\/doi\/full\/10.1080\/17439884.2022.2124268\">Smartphones in the Swedish upper-secondary classroom: A policy enactment perspective<\/a>,\u00a0<em>Learning, Media and Technology<\/em>, 49:2, 230-243.<\/p>\n\n\n\n<p><\/p>\n","protected":false},"excerpt":{"rendered":"<p>Peter Wikstr\u00f6m, docent i engelska, spr\u00e5kvetenskaplig inriktning, Karlstads universitet N\u00e4r forskningsprojektet&nbsp;Uppkopplade klassrum&nbsp;p\u00e5b\u00f6rjades f\u00f6r snart ett decennium sedan var fr\u00e5gan om elevers bruk av mobiltelefoner i skolan h\u00f6gaktuell och laddad. Debatten om \u201cmobilf\u00f6rbud\u201d blossade upp med j\u00e4mna mellanrum, ofta med alarmistiska rubriker och skarpa krav p\u00e5 h\u00e5rdare styrning. Samtidigt var skolans digitalisering i full fart, och &hellip; <\/p>\n<p class=\"link-more\"><a href=\"https:\/\/sola.kau.se\/cslblog\/2025\/11\/28\/mobilforbud-pa-modet-men-hur-utspelar-det-sig-faktiskt-i-klassrummet\/\" class=\"more-link\">Forts\u00e4tt l\u00e4sa<span class=\"screen-reader-text\"> \u201dMobilf\u00f6rbud p\u00e5 modet \u2013 men hur utspelar det sig faktiskt i klassrummet?\u201d<\/span><\/a><\/p>\n","protected":false},"author":1433,"featured_media":0,"comment_status":"closed","ping_status":"open","sticky":false,"template":"","format":"standard","meta":{"footnotes":""},"categories":[19,1,5,14,6],"tags":[],"class_list":["post-980","post","type-post","status-publish","format-standard","hentry","category-allmant","category-forskning","category-lastips","category-pedagogiskt-arbete","category-sammanfattning-av-artiklar"],"_links":{"self":[{"href":"https:\/\/sola.kau.se\/cslblog\/wp-json\/wp\/v2\/posts\/980","targetHints":{"allow":["GET"]}}],"collection":[{"href":"https:\/\/sola.kau.se\/cslblog\/wp-json\/wp\/v2\/posts"}],"about":[{"href":"https:\/\/sola.kau.se\/cslblog\/wp-json\/wp\/v2\/types\/post"}],"author":[{"embeddable":true,"href":"https:\/\/sola.kau.se\/cslblog\/wp-json\/wp\/v2\/users\/1433"}],"replies":[{"embeddable":true,"href":"https:\/\/sola.kau.se\/cslblog\/wp-json\/wp\/v2\/comments?post=980"}],"version-history":[{"count":1,"href":"https:\/\/sola.kau.se\/cslblog\/wp-json\/wp\/v2\/posts\/980\/revisions"}],"predecessor-version":[{"id":981,"href":"https:\/\/sola.kau.se\/cslblog\/wp-json\/wp\/v2\/posts\/980\/revisions\/981"}],"wp:attachment":[{"href":"https:\/\/sola.kau.se\/cslblog\/wp-json\/wp\/v2\/media?parent=980"}],"wp:term":[{"taxonomy":"category","embeddable":true,"href":"https:\/\/sola.kau.se\/cslblog\/wp-json\/wp\/v2\/categories?post=980"},{"taxonomy":"post_tag","embeddable":true,"href":"https:\/\/sola.kau.se\/cslblog\/wp-json\/wp\/v2\/tags?post=980"}],"curies":[{"name":"wp","href":"https:\/\/api.w.org\/{rel}","templated":true}]}}