 {"id":578,"date":"2025-10-03T10:52:39","date_gmt":"2025-10-03T08:52:39","guid":{"rendered":"https:\/\/sola.kau.se\/fiktivforskola89\/?p=578"},"modified":"2025-10-20T11:04:59","modified_gmt":"2025-10-20T09:04:59","slug":"manadens-grona","status":"publish","type":"post","link":"https:\/\/sola.kau.se\/fiktivforskola89\/2025\/10\/03\/manadens-grona\/","title":{"rendered":"M\u00e5nadens gr\u00f6na"},"content":{"rendered":"\n<p>I arbetet med m\u00e5nadens gr\u00f6na har turen nu kommit till moroten. Under veckan har barnen f\u00e5tt prova p\u00e5 olika sorters mor\u00f6tter och vi fick i samband med detta \u00e4ven m\u00f6jlighet att samtala om olika f\u00e4rger. Barnen var modiga och v\u00e5gade smaka och reflekterade \u00f6ver att mor\u00f6tterna smakade lite olika men att alla var goda, favoriten blev dock den r\u00f6da med tv\u00e5 tummar upp. Vi ska utveckla arbetet genom att ugnsbaka mor\u00f6tterna, hur smakar de d\u00e5? Vi ska ocks\u00e5 samtala tillsammans och ta reda p\u00e5  vad barnen redan vet om moroten f\u00f6r att sedan bygga vidare p\u00e5 deras kunskaper. <\/p>\n\n\n\n<figure class=\"wp-block-image size-large\"><img loading=\"lazy\" decoding=\"async\" width=\"1024\" height=\"647\" src=\"https:\/\/sola.kau.se\/fiktivforskola89\/wp-content\/uploads\/sites\/1310\/2025\/10\/12241151463-8a570df1-8ae4-4a1a-a5af-9635d835a2a4-1024x647.jpg\" alt=\"\" class=\"wp-image-582\" srcset=\"https:\/\/sola.kau.se\/fiktivforskola89\/wp-content\/uploads\/sites\/1310\/2025\/10\/12241151463-8a570df1-8ae4-4a1a-a5af-9635d835a2a4-1024x647.jpg 1024w, https:\/\/sola.kau.se\/fiktivforskola89\/wp-content\/uploads\/sites\/1310\/2025\/10\/12241151463-8a570df1-8ae4-4a1a-a5af-9635d835a2a4-300x190.jpg 300w, https:\/\/sola.kau.se\/fiktivforskola89\/wp-content\/uploads\/sites\/1310\/2025\/10\/12241151463-8a570df1-8ae4-4a1a-a5af-9635d835a2a4-768x485.jpg 768w, https:\/\/sola.kau.se\/fiktivforskola89\/wp-content\/uploads\/sites\/1310\/2025\/10\/12241151463-8a570df1-8ae4-4a1a-a5af-9635d835a2a4-800x506.jpg 800w, https:\/\/sola.kau.se\/fiktivforskola89\/wp-content\/uploads\/sites\/1310\/2025\/10\/12241151463-8a570df1-8ae4-4a1a-a5af-9635d835a2a4.jpg 1280w\" sizes=\"auto, (max-width: 1024px) 100vw, 1024px\" \/><\/figure>\n\n\n\n<p class=\"has-white-background-color has-background\"><\/p>\n\n\n\n<p><\/p>\n","protected":false},"excerpt":{"rendered":"<p>I arbetet med m\u00e5nadens gr\u00f6na har turen nu kommit till moroten. Under veckan har barnen f\u00e5tt prova p\u00e5 olika sorters mor\u00f6tter och vi fick i samband med detta \u00e4ven m\u00f6jlighet att samtala om olika f\u00e4rger. Barnen var modiga och v\u00e5gade smaka och reflekterade \u00f6ver att mor\u00f6tterna smakade lite olika men att alla var goda, favoriten [&hellip;]<\/p>\n","protected":false},"author":6669,"featured_media":0,"comment_status":"open","ping_status":"open","sticky":false,"template":"","format":"standard","meta":{"footnotes":""},"categories":[12],"tags":[],"class_list":["post-578","post","type-post","status-publish","format-standard","hentry","category-blogg","no-featured-image"],"_links":{"self":[{"href":"https:\/\/sola.kau.se\/fiktivforskola89\/wp-json\/wp\/v2\/posts\/578","targetHints":{"allow":["GET"]}}],"collection":[{"href":"https:\/\/sola.kau.se\/fiktivforskola89\/wp-json\/wp\/v2\/posts"}],"about":[{"href":"https:\/\/sola.kau.se\/fiktivforskola89\/wp-json\/wp\/v2\/types\/post"}],"author":[{"embeddable":true,"href":"https:\/\/sola.kau.se\/fiktivforskola89\/wp-json\/wp\/v2\/users\/6669"}],"replies":[{"embeddable":true,"href":"https:\/\/sola.kau.se\/fiktivforskola89\/wp-json\/wp\/v2\/comments?post=578"}],"version-history":[{"count":1,"href":"https:\/\/sola.kau.se\/fiktivforskola89\/wp-json\/wp\/v2\/posts\/578\/revisions"}],"predecessor-version":[{"id":589,"href":"https:\/\/sola.kau.se\/fiktivforskola89\/wp-json\/wp\/v2\/posts\/578\/revisions\/589"}],"wp:attachment":[{"href":"https:\/\/sola.kau.se\/fiktivforskola89\/wp-json\/wp\/v2\/media?parent=578"}],"wp:term":[{"taxonomy":"category","embeddable":true,"href":"https:\/\/sola.kau.se\/fiktivforskola89\/wp-json\/wp\/v2\/categories?post=578"},{"taxonomy":"post_tag","embeddable":true,"href":"https:\/\/sola.kau.se\/fiktivforskola89\/wp-json\/wp\/v2\/tags?post=578"}],"curies":[{"name":"wp","href":"https:\/\/api.w.org\/{rel}","templated":true}]}}