 {"id":626,"date":"2025-10-27T10:42:56","date_gmt":"2025-10-27T09:42:56","guid":{"rendered":"https:\/\/sola.kau.se\/fiktivforskola89\/?p=626"},"modified":"2025-10-27T10:43:17","modified_gmt":"2025-10-27T09:43:17","slug":"kommunikationsmetod-komet","status":"publish","type":"post","link":"https:\/\/sola.kau.se\/fiktivforskola89\/2025\/10\/27\/kommunikationsmetod-komet\/","title":{"rendered":"Kommunikationsmetod, Komet"},"content":{"rendered":"\n<p>Mellanstor kommun har g\u00e5tt med i projektet Komet. Passa p\u00e5 att delta f\u00f6r att utveckla relationen mellan dej och ditt barn. Nedan finns information om utbildningsprogrammet. <\/p>\n\n\n\n<p>Kommunikationsmetod, komet \u00e4r ett utbildningsprogram f\u00f6r familjer med barn i \u00e5ldrarna 3\u201311. M\u00e5let med programmet \u00e4r att ge f\u00f6r\u00e4ldrarna verktyg till en b\u00e4ttre kommunikation med barnen som leder till mindre br\u00e5k och konflikter hemma. Programmet syftar ocks\u00e5 till att st\u00e4rka f\u00f6r\u00e4ldrar i sin roll. <\/p>\n\n\n\n<p>Br\u00e5k mellan f\u00f6r\u00e4ldrar och barn \u00e4r helt naturligt, men mycket br\u00e5k kan leda till en negativ spiral som \u00e4r sv\u00e5r att ta sig ur.<\/p>\n\n\n\n<p>Komet \u00e4r strukturerade grupptr\u00e4ffar f\u00f6r f\u00f6r\u00e4ldrar som vill f\u00e5 en b\u00e4ttre relation till sina barn och fler positiva stunder tillsammans. Tr\u00e4ffarna riktar sig till f\u00f6r\u00e4ldrar med barn i \u00e5ldrarna 3\u201311 \u00e5r, som upplever att det \u00e4r mycket br\u00e5k, tjat och konflikter hemma.<\/p>\n\n\n\n<p>I en kometgrupp f\u00e5r du som f\u00f6r\u00e4lder l\u00e4ra dig nya s\u00e4tt att samspela med ditt barn f\u00f6r en b\u00e4ttre relation med mindre br\u00e5k. H\u00e4r tr\u00e4ffar du ocks\u00e5 andra som \u00e4r i samma situation som du. Kometprogrammet \u00e4r utvecklat i Sverige och bygger p\u00e5 att f\u00f6rb\u00e4ttra kommunikationen och relationen mellan f\u00f6r\u00e4lder och barn.<\/p>\n\n\n\n<h2 class=\"wp-block-heading\">Hur g\u00e5r det till?<\/h2>\n\n\n\n<p>I en Kometgrupp tr\u00e4ffas vi elva g\u00e5nger och ber\u00f6r ett tema varje g\u00e5ng. varje tr\u00e4ff leds av tv\u00e5 utbildade gruppledare. Du tr\u00e4ffar din grupp en g\u00e5ng i veckan, cirka tv\u00e5 timmar varje g\u00e5ng.<\/p>\n\n\n\n<p>H\u00e4r f\u00e5r du utbyta erfarenheter, veta vad forskningen s\u00e4ger och \u00f6va p\u00e5 nya s\u00e4tt att bem\u00f6ta ditt barn. mellan varje tr\u00e4ff tar du med dig praktiska \u00f6vningar att prova hemma.<\/p>\n\n\n\n<h2 class=\"wp-block-heading\">Inneh\u00e5ll<\/h2>\n\n\n\n<ul class=\"wp-block-list\">\n<li>Tr\u00e4ff 1-3: Grunden f\u00f6r att minska br\u00e5k och tjat \u00e4r att \u00f6ka positiv samvaro och uppm\u00e4rksamhet. De f\u00f6rsta tr\u00e4ffarna \u00f6var vi p\u00e5 detta och p\u00e5 att vara tydlig som f\u00f6r\u00e4lder.<\/li>\n\n\n\n<li>Tr\u00e4ff 4-5: Vi hj\u00e4lps \u00e5t att fokusera p\u00e5 det som motiverar just ditt barn och uppm\u00e4rksammar det positiva.<\/li>\n\n\n\n<li>Tr\u00e4ff 6: Tr\u00e4ff sex \u00e4r en individuell tr\u00e4ff d\u00e4r du kan bjuda in exempelvis skolpersonal eller n\u00e5gon annan person som \u00e4r viktig f\u00f6r ditt barn. Under den individuella tr\u00e4ffen kan vi \u00e4ven prata mer om n\u00e5got som \u00e4r s\u00e4rskilt viktigt f\u00f6r just dig och ditt barn.<\/li>\n\n\n\n<li>Tr\u00e4ff 7-9: Vi diskuterar vilka strider du kan v\u00e4lja bort och vilka du beh\u00f6ver ta samt hur du kan g\u00f6ra det. Du l\u00e4r dig hur du kan bli mer begriplig och f\u00f6ruts\u00e4gbar f\u00f6r ditt barn.<\/li>\n\n\n\n<li>Tr\u00e4ff 10: Vi g\u00e5r igenom hur du tillsammans med ditt barn kan komma \u00f6verens om l\u00f6sningar p\u00e5 problem.<\/li>\n\n\n\n<li>Tr\u00e4ff 11: tr\u00e4ff elva \u00e4r en avslutande tr\u00e4ff med fokus p\u00e5 vad du som f\u00f6r\u00e4lder b\u00e4r med dig fr\u00e5n Komet.<\/li>\n<\/ul>\n\n\n\n<h2 class=\"wp-block-heading\">Anm\u00e4lan<\/h2>\n\n\n\n<p>F\u00f6r\u00e4ldrar, med barn i \u00e5ldern 3-11 \u00e5r, som upplever att det \u00e4r mycket br\u00e5k, tjat och konflikter hemma kan delta i gruppen.<\/p>\n\n\n\n<p>Anm\u00e4lan g\u00f6rs till 070-54 xx xxx<\/p>\n\n\n\n<figure class=\"wp-block-image size-large is-style-rounded\"><img loading=\"lazy\" decoding=\"async\" width=\"1024\" height=\"682\" src=\"https:\/\/sola.kau.se\/fiktivforskola89\/wp-content\/uploads\/sites\/1310\/2025\/10\/girl-1641215_1280-1-1024x682.jpg\" alt=\"\" class=\"wp-image-628\" srcset=\"https:\/\/sola.kau.se\/fiktivforskola89\/wp-content\/uploads\/sites\/1310\/2025\/10\/girl-1641215_1280-1-1024x682.jpg 1024w, https:\/\/sola.kau.se\/fiktivforskola89\/wp-content\/uploads\/sites\/1310\/2025\/10\/girl-1641215_1280-1-300x200.jpg 300w, https:\/\/sola.kau.se\/fiktivforskola89\/wp-content\/uploads\/sites\/1310\/2025\/10\/girl-1641215_1280-1-768x512.jpg 768w, https:\/\/sola.kau.se\/fiktivforskola89\/wp-content\/uploads\/sites\/1310\/2025\/10\/girl-1641215_1280-1-800x533.jpg 800w, https:\/\/sola.kau.se\/fiktivforskola89\/wp-content\/uploads\/sites\/1310\/2025\/10\/girl-1641215_1280-1.jpg 1280w\" sizes=\"auto, (max-width: 1024px) 100vw, 1024px\" \/><figcaption class=\"wp-element-caption\"><em>Bild: Pixabay.com<\/em><\/figcaption><\/figure>\n\n\n\n<p><\/p>\n","protected":false},"excerpt":{"rendered":"<p>Mellanstor kommun har g\u00e5tt med i projektet Komet. Passa p\u00e5 att delta f\u00f6r att utveckla relationen mellan dej och ditt barn. Nedan finns information om utbildningsprogrammet. Kommunikationsmetod, komet \u00e4r ett utbildningsprogram f\u00f6r familjer med barn i \u00e5ldrarna 3\u201311. M\u00e5let med programmet \u00e4r att ge f\u00f6r\u00e4ldrarna verktyg till en b\u00e4ttre kommunikation med barnen som leder till [&hellip;]<\/p>\n","protected":false},"author":6667,"featured_media":0,"comment_status":"open","ping_status":"open","sticky":false,"template":"","format":"standard","meta":{"footnotes":""},"categories":[12],"tags":[],"class_list":["post-626","post","type-post","status-publish","format-standard","hentry","category-blogg","no-featured-image"],"_links":{"self":[{"href":"https:\/\/sola.kau.se\/fiktivforskola89\/wp-json\/wp\/v2\/posts\/626","targetHints":{"allow":["GET"]}}],"collection":[{"href":"https:\/\/sola.kau.se\/fiktivforskola89\/wp-json\/wp\/v2\/posts"}],"about":[{"href":"https:\/\/sola.kau.se\/fiktivforskola89\/wp-json\/wp\/v2\/types\/post"}],"author":[{"embeddable":true,"href":"https:\/\/sola.kau.se\/fiktivforskola89\/wp-json\/wp\/v2\/users\/6667"}],"replies":[{"embeddable":true,"href":"https:\/\/sola.kau.se\/fiktivforskola89\/wp-json\/wp\/v2\/comments?post=626"}],"version-history":[{"count":1,"href":"https:\/\/sola.kau.se\/fiktivforskola89\/wp-json\/wp\/v2\/posts\/626\/revisions"}],"predecessor-version":[{"id":629,"href":"https:\/\/sola.kau.se\/fiktivforskola89\/wp-json\/wp\/v2\/posts\/626\/revisions\/629"}],"wp:attachment":[{"href":"https:\/\/sola.kau.se\/fiktivforskola89\/wp-json\/wp\/v2\/media?parent=626"}],"wp:term":[{"taxonomy":"category","embeddable":true,"href":"https:\/\/sola.kau.se\/fiktivforskola89\/wp-json\/wp\/v2\/categories?post=626"},{"taxonomy":"post_tag","embeddable":true,"href":"https:\/\/sola.kau.se\/fiktivforskola89\/wp-json\/wp\/v2\/tags?post=626"}],"curies":[{"name":"wp","href":"https:\/\/api.w.org\/{rel}","templated":true}]}}