 {"id":371,"date":"2024-06-20T12:54:08","date_gmt":"2024-06-20T12:54:08","guid":{"rendered":"https:\/\/sola.kau.se\/forskningomyrkesutbildningochyrkeslararutbildning\/?p=371"},"modified":"2024-06-20T12:54:08","modified_gmt":"2024-06-20T12:54:08","slug":"semester","status":"publish","type":"post","link":"https:\/\/sola.kau.se\/forskningomyrkesutbildningochyrkeslararutbildning\/2024\/06\/20\/semester\/","title":{"rendered":"SEMESTER"},"content":{"rendered":"\n<p>Bloggen och vi tar nu semester &#8211; \u00e5ter i vecka 33.<\/p>\n\n\n\n<p>Har du nyheter elelr annat du vill att vi ska lyfta h\u00e4r kontakta oss g\u00e4rna!<\/p>\n\n\n\n<p><strong><em>Med \u00f6nskan om en trevlig sommar!<\/em><\/strong><\/p>\n\n\n\n<figure class=\"wp-block-image size-full\"><img loading=\"lazy\" decoding=\"async\" width=\"1024\" height=\"1024\" src=\"https:\/\/sola.kau.se\/forskningomyrkesutbildningochyrkeslararutbildning\/wp-content\/uploads\/sites\/913\/2024\/06\/glad-sommar.jpeg\" alt=\"\" class=\"wp-image-372\" srcset=\"https:\/\/sola.kau.se\/forskningomyrkesutbildningochyrkeslararutbildning\/wp-content\/uploads\/sites\/913\/2024\/06\/glad-sommar.jpeg 1024w, https:\/\/sola.kau.se\/forskningomyrkesutbildningochyrkeslararutbildning\/wp-content\/uploads\/sites\/913\/2024\/06\/glad-sommar-300x300.jpeg 300w, https:\/\/sola.kau.se\/forskningomyrkesutbildningochyrkeslararutbildning\/wp-content\/uploads\/sites\/913\/2024\/06\/glad-sommar-150x150.jpeg 150w, https:\/\/sola.kau.se\/forskningomyrkesutbildningochyrkeslararutbildning\/wp-content\/uploads\/sites\/913\/2024\/06\/glad-sommar-768x768.jpeg 768w, https:\/\/sola.kau.se\/forskningomyrkesutbildningochyrkeslararutbildning\/wp-content\/uploads\/sites\/913\/2024\/06\/glad-sommar-88x88.jpeg 88w, https:\/\/sola.kau.se\/forskningomyrkesutbildningochyrkeslararutbildning\/wp-content\/uploads\/sites\/913\/2024\/06\/glad-sommar-900x900.jpeg 900w\" sizes=\"auto, (max-width: 1024px) 100vw, 1024px\" \/><\/figure>\n\n\n\n<p class=\"has-small-font-size\"><em>Copilots bild av yrkesm\u00e4nniskor som dansar kring en midsommarst\u00e5ng <\/em><\/p>\n","protected":false},"excerpt":{"rendered":"<p>Bloggen och vi tar nu semester &#8211; \u00e5ter i vecka 33. Har du nyheter elelr annat du vill att vi ska lyfta h\u00e4r kontakta oss g\u00e4rna! Med \u00f6nskan om en trevlig sommar! Copilots bild av yrkesm\u00e4nniskor som dansar kring en midsommarst\u00e5ng<\/p>\n","protected":false},"author":108,"featured_media":0,"comment_status":"open","ping_status":"open","sticky":false,"template":"","format":"standard","meta":{"footnotes":""},"categories":[1],"tags":[],"class_list":["post-371","post","type-post","status-publish","format-standard","hentry","category-uncategorized"],"_links":{"self":[{"href":"https:\/\/sola.kau.se\/forskningomyrkesutbildningochyrkeslararutbildning\/wp-json\/wp\/v2\/posts\/371","targetHints":{"allow":["GET"]}}],"collection":[{"href":"https:\/\/sola.kau.se\/forskningomyrkesutbildningochyrkeslararutbildning\/wp-json\/wp\/v2\/posts"}],"about":[{"href":"https:\/\/sola.kau.se\/forskningomyrkesutbildningochyrkeslararutbildning\/wp-json\/wp\/v2\/types\/post"}],"author":[{"embeddable":true,"href":"https:\/\/sola.kau.se\/forskningomyrkesutbildningochyrkeslararutbildning\/wp-json\/wp\/v2\/users\/108"}],"replies":[{"embeddable":true,"href":"https:\/\/sola.kau.se\/forskningomyrkesutbildningochyrkeslararutbildning\/wp-json\/wp\/v2\/comments?post=371"}],"version-history":[{"count":1,"href":"https:\/\/sola.kau.se\/forskningomyrkesutbildningochyrkeslararutbildning\/wp-json\/wp\/v2\/posts\/371\/revisions"}],"predecessor-version":[{"id":373,"href":"https:\/\/sola.kau.se\/forskningomyrkesutbildningochyrkeslararutbildning\/wp-json\/wp\/v2\/posts\/371\/revisions\/373"}],"wp:attachment":[{"href":"https:\/\/sola.kau.se\/forskningomyrkesutbildningochyrkeslararutbildning\/wp-json\/wp\/v2\/media?parent=371"}],"wp:term":[{"taxonomy":"category","embeddable":true,"href":"https:\/\/sola.kau.se\/forskningomyrkesutbildningochyrkeslararutbildning\/wp-json\/wp\/v2\/categories?post=371"},{"taxonomy":"post_tag","embeddable":true,"href":"https:\/\/sola.kau.se\/forskningomyrkesutbildningochyrkeslararutbildning\/wp-json\/wp\/v2\/tags?post=371"}],"curies":[{"name":"wp","href":"https:\/\/api.w.org\/{rel}","templated":true}]}}