 {"id":593,"date":"2026-03-03T09:59:03","date_gmt":"2026-03-03T09:59:03","guid":{"rendered":"https:\/\/sola.kau.se\/forskningomyrkesutbildningochyrkeslararutbildning\/?p=593"},"modified":"2026-03-03T09:59:03","modified_gmt":"2026-03-03T09:59:03","slug":"att-vara-och-blir-yrkeslarare","status":"publish","type":"post","link":"https:\/\/sola.kau.se\/forskningomyrkesutbildningochyrkeslararutbildning\/2026\/03\/03\/att-vara-och-blir-yrkeslarare\/","title":{"rendered":"Att vara och blir yrkesl\u00e4rare"},"content":{"rendered":"\n<p>N\u00e4sta tisdag 10\/3 g\u00e4stas RIVER-seminariet av Viktoria Grahn Johansson som presenterar sin avhandling \u00a0<em>Att vara och bli yrkesl\u00e4rare: L\u00e4rande som nykomling och erfaren i arbete och studier<\/em>.\u00a0<\/p>\n\n\n\n<p>Avhandlingen hittar ni h\u00e4r: \u00a0<a href=\"https:\/\/lnu.diva-portal.org\/smash\/get\/diva2:2006063\/FULLTEXT01.pdf\">Att vara och bli yrkesl\u00e4rare<\/a>.<\/p>\n\n\n\n<p>Vi ses kl 13- 14.30 via Zoom p\u00e5 denna l\u00e4nk:&nbsp;<a rel=\"noreferrer noopener\" target=\"_blank\" href=\"https:\/\/kau-se.zoom.us\/my\/hamidasghari\">https:\/\/kau-se.zoom.us\/my\/hamidasghari<\/a>&nbsp;och f\u00f6r er som befinner er p\u00e5 Kau g\u00e5r det bra att sitta i 3D410<\/p>\n\n\n\n<p><\/p>\n\n\n\n<figure class=\"wp-block-image size-full\"><img loading=\"lazy\" decoding=\"async\" width=\"140\" height=\"140\" src=\"https:\/\/sola.kau.se\/forskningomyrkesutbildningochyrkeslararutbildning\/wp-content\/uploads\/sites\/913\/2026\/03\/image.png\" alt=\"\" class=\"wp-image-594\" srcset=\"https:\/\/sola.kau.se\/forskningomyrkesutbildningochyrkeslararutbildning\/wp-content\/uploads\/sites\/913\/2026\/03\/image.png 140w, https:\/\/sola.kau.se\/forskningomyrkesutbildningochyrkeslararutbildning\/wp-content\/uploads\/sites\/913\/2026\/03\/image-88x88.png 88w\" sizes=\"auto, (max-width: 140px) 100vw, 140px\" \/><\/figure>\n","protected":false},"excerpt":{"rendered":"<p>N\u00e4sta tisdag 10\/3 g\u00e4stas RIVER-seminariet av Viktoria Grahn Johansson som presenterar sin avhandling \u00a0Att vara och bli yrkesl\u00e4rare: L\u00e4rande som nykomling och erfaren i arbete och studier.\u00a0 Avhandlingen hittar ni h\u00e4r: \u00a0Att vara och bli yrkesl\u00e4rare. Vi ses kl 13- 14.30 via Zoom p\u00e5 denna l\u00e4nk:&nbsp;https:\/\/kau-se.zoom.us\/my\/hamidasghari&nbsp;och f\u00f6r er som befinner er p\u00e5 Kau g\u00e5r det [&hellip;]<\/p>\n","protected":false},"author":108,"featured_media":0,"comment_status":"open","ping_status":"open","sticky":false,"template":"","format":"standard","meta":{"footnotes":""},"categories":[28,3,2],"tags":[],"class_list":["post-593","post","type-post","status-publish","format-standard","hentry","category-avhandlingar","category-forskarseminarier","category-forskning"],"_links":{"self":[{"href":"https:\/\/sola.kau.se\/forskningomyrkesutbildningochyrkeslararutbildning\/wp-json\/wp\/v2\/posts\/593","targetHints":{"allow":["GET"]}}],"collection":[{"href":"https:\/\/sola.kau.se\/forskningomyrkesutbildningochyrkeslararutbildning\/wp-json\/wp\/v2\/posts"}],"about":[{"href":"https:\/\/sola.kau.se\/forskningomyrkesutbildningochyrkeslararutbildning\/wp-json\/wp\/v2\/types\/post"}],"author":[{"embeddable":true,"href":"https:\/\/sola.kau.se\/forskningomyrkesutbildningochyrkeslararutbildning\/wp-json\/wp\/v2\/users\/108"}],"replies":[{"embeddable":true,"href":"https:\/\/sola.kau.se\/forskningomyrkesutbildningochyrkeslararutbildning\/wp-json\/wp\/v2\/comments?post=593"}],"version-history":[{"count":1,"href":"https:\/\/sola.kau.se\/forskningomyrkesutbildningochyrkeslararutbildning\/wp-json\/wp\/v2\/posts\/593\/revisions"}],"predecessor-version":[{"id":595,"href":"https:\/\/sola.kau.se\/forskningomyrkesutbildningochyrkeslararutbildning\/wp-json\/wp\/v2\/posts\/593\/revisions\/595"}],"wp:attachment":[{"href":"https:\/\/sola.kau.se\/forskningomyrkesutbildningochyrkeslararutbildning\/wp-json\/wp\/v2\/media?parent=593"}],"wp:term":[{"taxonomy":"category","embeddable":true,"href":"https:\/\/sola.kau.se\/forskningomyrkesutbildningochyrkeslararutbildning\/wp-json\/wp\/v2\/categories?post=593"},{"taxonomy":"post_tag","embeddable":true,"href":"https:\/\/sola.kau.se\/forskningomyrkesutbildningochyrkeslararutbildning\/wp-json\/wp\/v2\/tags?post=593"}],"curies":[{"name":"wp","href":"https:\/\/api.w.org\/{rel}","templated":true}]}}